{"id":6218,"date":"2019-01-15T17:34:04","date_gmt":"2019-01-15T16:34:04","guid":{"rendered":"https:\/\/www.jardiservice.it\/?p=6218"},"modified":"2019-01-25T11:54:51","modified_gmt":"2019-01-25T10:54:51","slug":"portes-ouvertes-2019","status":"publish","type":"post","link":"https:\/\/www.jardiservice.it\/fr\/portes-ouvertes-2019\/","title":{"rendered":"Portes Ouvertes 2019"},"content":{"rendered":"<h4 style=\"text-align: center;\">Tous les chemins m\u00e8nent \u00e0 Rome pour les Portes Ouvertes de JardiService:<br \/>\nL\u2019excellence des plantes d\u2019Italie<\/h4>\n<p style=\"text-align: center;\">Nous avons le plaisir de vous communiquer les dates de nos <strong>Portes Ouvertes 2019<\/strong>.<\/p>\n<p style=\"text-align: center;\"><strong>18 au 22 F\u00e9vrier 2019<br \/>\nLatina pr\u00e8s de Rome (Italie)<\/strong><\/p>\n<p style=\"text-align: center;\">Une occasion \u00e0 ne pas louper pour d\u00e9couvrir notre r\u00e9gion de production de Latina : un d\u00e9veloppement constant \u00e0 2 chiffres chaque ann\u00e9e, depuis 10 ans!<\/p>\n<p style=\"text-align: center;\"><strong><em>L\u2019excellence de la\u00a0production floricole\u00a0italienne<br \/>\nDes produits\u00a0\u00ab\u00a0pr\u00eat \u00e0 la vente\u00bb<\/em><\/strong><\/p>\n<p style=\"text-align: center;\">Visites des p\u00e9pini\u00e8res de production, d\u00e9monstrations pratiques, offres \u2018prix cass\u00e9\u2019\u2026et un bon d\u2019achat de 250,00 euro sera remis \u00e0 chaque\u00a0<strong>responsable magasins\/rayon<\/strong>\u00a0participant, \u00e0 titre de contribution aux co\u00fbts de d\u00e9placement.<\/p>\n<p style=\"text-align: center;\">Une visite porte toujours un r\u00e9sultat 100% gagnant.<\/p>\n<p style=\"text-align: center;\"><em>Nous sommes strat\u00e9giquement situ\u00e9s au\u00a0centre de l\u2019Italie, o\u00f9 les conditions microclimatiques favorisent une\u00a0large production\u00a0de plantes fleuries et m\u00e9diterran\u00e9ennes de haute qualit\u00e9.<\/em><\/p>\n<p style=\"text-align: center;\"><em>Il y a plus de dix ans cela semblait un pari, mais gr\u00e2ce au travail r\u00e9gulier et soutenu effectu\u00e9 pour adapter la production aux demandes du march\u00e9 europ\u00e9en et \u00e0 la construction d\u2019un\u00a0r\u00e9seau logistique performant, nous r\u00e9alisons aujourd\u2019hui d\u2019avoir effectu\u00e9 le bon choix!<\/em><\/p>\n<p style=\"text-align: center;\"><strong><em>Notre \u00e9quipe parle 8 langues \u00e9trang\u00e8res\u00a0: nous saurons toujours vous r\u00e9pondre!<\/em><\/strong><\/p>\n<p style=\"text-align: center;\">\n<p style=\"text-align: center;\">Nous sommes \u00e0 votre disposition pour toute info n\u00e9cessaire (r\u00e9sa dans les h\u00f4tels en convention, transferts a\u00e9roports, organisation g\u00e9n\u00e9rale, d\u00e9tails, etc\u2026)<\/p>\n<p style=\"text-align: center;\"><strong>Wally Cavezzan \u2013 CEO Jardiservice<br \/>\n<\/strong><strong>Contact en langue fran\u00e7aise :<br \/>\n<\/strong><strong>+39.0773.840450. \u2013<\/strong>\u00a0<u><a href=\"mailto:wally@jardiservice.it\">info@jardiservice.it\u00a0<\/a><br \/>\n<\/u><a href=\"https:\/\/www.jardiservice.it\/fr\/\">https:\/\/www.jardiservice.it\/fr\/<\/a><\/p>\n","protected":false},"excerpt":{"rendered":"<p>Tous les chemins m\u00e8nent \u00e0 Rome pour les Portes Ouvertes de JardiService: L\u2019excellence des plantes d\u2019Italie Nous avons le plaisir de vous communiquer les dates de nos Portes Ouvertes 2019. 18 au 22 F\u00e9vrier 2019 Latina pr\u00e8s de Rome (Italie) Une occasion \u00e0 ne pas louper pour d\u00e9couvrir notre r\u00e9gion de production de Latina : [&hellip;]<\/p>\n","protected":false},"author":8,"featured_media":6209,"comment_status":"closed","ping_status":"closed","sticky":false,"template":"","format":"standard","meta":{"_seopress_robots_primary_cat":"","_seopress_titles_title":"","_seopress_titles_desc":"","_seopress_robots_index":""},"categories":[126],"tags":[132],"_links":{"self":[{"href":"https:\/\/www.jardiservice.it\/fr\/wp-json\/wp\/v2\/posts\/6218"}],"collection":[{"href":"https:\/\/www.jardiservice.it\/fr\/wp-json\/wp\/v2\/posts"}],"about":[{"href":"https:\/\/www.jardiservice.it\/fr\/wp-json\/wp\/v2\/types\/post"}],"author":[{"embeddable":true,"href":"https:\/\/www.jardiservice.it\/fr\/wp-json\/wp\/v2\/users\/8"}],"replies":[{"embeddable":true,"href":"https:\/\/www.jardiservice.it\/fr\/wp-json\/wp\/v2\/comments?post=6218"}],"version-history":[{"count":0,"href":"https:\/\/www.jardiservice.it\/fr\/wp-json\/wp\/v2\/posts\/6218\/revisions"}],"wp:featuredmedia":[{"embeddable":true,"href":"https:\/\/www.jardiservice.it\/fr\/wp-json\/wp\/v2\/media\/6209"}],"wp:attachment":[{"href":"https:\/\/www.jardiservice.it\/fr\/wp-json\/wp\/v2\/media?parent=6218"}],"wp:term":[{"taxonomy":"category","embeddable":true,"href":"https:\/\/www.jardiservice.it\/fr\/wp-json\/wp\/v2\/categories?post=6218"},{"taxonomy":"post_tag","embeddable":true,"href":"https:\/\/www.jardiservice.it\/fr\/wp-json\/wp\/v2\/tags?post=6218"}],"curies":[{"name":"wp","href":"https:\/\/api.w.org\/{rel}","templated":true}]}}